{"id":1329,"date":"2024-12-02T17:43:02","date_gmt":"2024-12-02T17:43:02","guid":{"rendered":"https:\/\/cafegalavis.com.co\/?p=1329"},"modified":"2025-01-15T15:14:37","modified_gmt":"2025-01-15T15:14:37","slug":"cafe-excelso-certificado-por-cafecert","status":"publish","type":"post","link":"https:\/\/cafegalavis.com.co\/en\/cafe-excelso-certificado-por-cafecert\/","title":{"rendered":"Caf\u00e9 Galavis: More than a Cup, a Commitment to the Region"},"content":{"rendered":"<p>Caf\u00e9 Galavis is not only a brand of coffee, it is a reflection of our commitment to our region and to the Colombian coffee tradition. Since our foundation, we have worked tirelessly to bring to the homes of Colombia and the world the authentic flavor of our land. However, our purpose goes beyond producing high quality coffee. We want to contribute to the development of the community, the environment and, of course, the wellbeing of our collaborators.<\/p><p>Commitment to Local Producers<\/p><p>At Caf\u00e9 Galavis, we understand that our success depends directly on the success of our farmers. That is why we have established close relationships with local producers to ensure that they receive the support and resources they need to produce high quality coffee. Through constant training and access to technology, we work together to improve yields and ensure that every bean grown is the best.<\/p><p><\/p><div class=\"wp-block-image\"><figure class=\"aligncenter size-full is-resized\"><img fetchpriority=\"high\" decoding=\"async\" width=\"330\" height=\"338\" src=\"https:\/\/cafegalavis.com.co\/wp-content\/uploads\/2024\/11\/Rectangle-8.png\" alt=\"\" class=\"wp-image-611\" style=\"width:802px;height:auto\" srcset=\"https:\/\/cafegalavis.com.co\/wp-content\/uploads\/2024\/11\/Rectangle-8.png 330w, https:\/\/cafegalavis.com.co\/wp-content\/uploads\/2024\/11\/Rectangle-8-293x300.png 293w, https:\/\/cafegalavis.com.co\/wp-content\/uploads\/2024\/11\/Rectangle-8-12x12.png 12w\" sizes=\"(max-width: 330px) 100vw, 330px\" \/><\/figure><\/div><p><\/p><p>Sustainability at Every Step<\/p><p>Respect for the environment is one of our priorities. At Caf\u00e9 Galavis, we strive to implement sustainable practices throughout our production process, from cultivation to packaging. We use organic farming techniques and are committed to waste reduction and the responsible use of water. In addition, we have invested in technologies that allow us to reduce our carbon footprint and preserve the natural wealth of the coffee growing regions.<\/p><p>Community Support<\/p><p>Our link with the community is fundamental. We know that a successful business is one that has a positive impact on its surroundings, which is why we are involved in diverse initiatives that benefit the families of our region. From education programs for young people to the sponsorship of local sporting events such as the C\u00facuta Deportivo, Caf\u00e9 Galavis has always been present to support the growth of Norte de Santander and beyond.<\/p><p>The Future: Expansion with Responsibility<\/p><p>As we continue to grow and take our products to new markets, our commitment to quality, community and sustainability remains intact. At Caf\u00e9 Galavis, we are focused on creating a brighter future for generations to come, offering exceptional coffee while continuing to promote the well-being of our region.<\/p><div class=\"wp-block-columns is-layout-flex wp-container-core-columns-is-layout-9d6595d7 wp-block-columns-is-layout-flex\"><div class=\"wp-block-column is-vertically-aligned-bottom is-layout-flow wp-block-column-is-layout-flow\" style=\"flex-basis:100%\"><div class=\"wp-block-columns is-layout-flex wp-container-core-columns-is-layout-9d6595d7 wp-block-columns-is-layout-flex\"><div class=\"wp-block-column is-layout-flow wp-block-column-is-layout-flow\"><figure class=\"wp-block-image size-full\"><img decoding=\"async\" width=\"1024\" height=\"682\" src=\"https:\/\/cafegalavis.com.co\/wp-content\/uploads\/2024\/12\/coffe.jpg\" alt=\"\" class=\"wp-image-2548\" srcset=\"https:\/\/cafegalavis.com.co\/wp-content\/uploads\/2024\/12\/coffe.jpg 1024w, https:\/\/cafegalavis.com.co\/wp-content\/uploads\/2024\/12\/coffe-600x400.jpg 600w, https:\/\/cafegalavis.com.co\/wp-content\/uploads\/2024\/12\/coffe-300x200.jpg 300w, https:\/\/cafegalavis.com.co\/wp-content\/uploads\/2024\/12\/coffe-768x512.jpg 768w, https:\/\/cafegalavis.com.co\/wp-content\/uploads\/2024\/12\/coffe-18x12.jpg 18w\" sizes=\"(max-width: 1024px) 100vw, 1024px\" \/><\/figure><\/div>\n\n<div class=\"wp-block-column is-layout-flow wp-block-column-is-layout-flow\"><figure class=\"wp-block-image size-full is-resized\"><img decoding=\"async\" src=\"https:\/\/cafegalavis.com.co\/wp-content\/uploads\/2024\/12\/POST-31-JULIO.png\" alt=\"\" class=\"wp-image-1612\" style=\"width:375px;height:auto\"\/><\/figure><\/div><\/div><\/div><\/div>","protected":false},"excerpt":{"rendered":"<p>Caf\u00e9 Galavis no es solo una marca de caf\u00e9, es un reflejo del compromiso con nuestra regi\u00f3n y con la tradici\u00f3n cafetera colombiana. Desde nuestra fundaci\u00f3n, hemos trabajado incansablemente para llevar a los hogares de Colombia y del mundo el sabor aut\u00e9ntico de nuestra tierra. Sin embargo, nuestro prop\u00f3sito va m\u00e1s all\u00e1 de producir caf\u00e9 [&hellip;]<\/p>","protected":false},"author":1,"featured_media":2549,"comment_status":"open","ping_status":"open","sticky":false,"template":"","format":"standard","meta":{"inline_featured_image":false,"_joinchat":[],"footnotes":""},"categories":[40],"tags":[],"class_list":["post-1329","post","type-post","status-publish","format-standard","has-post-thumbnail","hentry","category-tradicional"],"jetpack_featured_media_url":"https:\/\/cafegalavis.com.co\/wp-content\/uploads\/2024\/12\/cafe-1100x407-1.jpg","_links":{"self":[{"href":"https:\/\/cafegalavis.com.co\/en\/wp-json\/wp\/v2\/posts\/1329","targetHints":{"allow":["GET"]}}],"collection":[{"href":"https:\/\/cafegalavis.com.co\/en\/wp-json\/wp\/v2\/posts"}],"about":[{"href":"https:\/\/cafegalavis.com.co\/en\/wp-json\/wp\/v2\/types\/post"}],"author":[{"embeddable":true,"href":"https:\/\/cafegalavis.com.co\/en\/wp-json\/wp\/v2\/users\/1"}],"replies":[{"embeddable":true,"href":"https:\/\/cafegalavis.com.co\/en\/wp-json\/wp\/v2\/comments?post=1329"}],"version-history":[{"count":16,"href":"https:\/\/cafegalavis.com.co\/en\/wp-json\/wp\/v2\/posts\/1329\/revisions"}],"predecessor-version":[{"id":2861,"href":"https:\/\/cafegalavis.com.co\/en\/wp-json\/wp\/v2\/posts\/1329\/revisions\/2861"}],"wp:featuredmedia":[{"embeddable":true,"href":"https:\/\/cafegalavis.com.co\/en\/wp-json\/wp\/v2\/media\/2549"}],"wp:attachment":[{"href":"https:\/\/cafegalavis.com.co\/en\/wp-json\/wp\/v2\/media?parent=1329"}],"wp:term":[{"taxonomy":"category","embeddable":true,"href":"https:\/\/cafegalavis.com.co\/en\/wp-json\/wp\/v2\/categories?post=1329"},{"taxonomy":"post_tag","embeddable":true,"href":"https:\/\/cafegalavis.com.co\/en\/wp-json\/wp\/v2\/tags?post=1329"}],"curies":[{"name":"wp","href":"https:\/\/api.w.org\/{rel}","templated":true}]}}